{"id":408,"date":"2015-03-26T15:35:51","date_gmt":"2015-03-26T13:35:51","guid":{"rendered":"https:\/\/passauer-oberland.de\/?p=408"},"modified":"2015-04-16T15:38:02","modified_gmt":"2015-04-16T13:38:02","slug":"aus-der-ile-sitzung-die-ile-hat-barrieren-reduziert-foerderbescheid-fuer-projekt-kernwegenetz-eingetroffen","status":"publish","type":"post","link":"https:\/\/passauer-oberland.de\/?p=408","title":{"rendered":"Aus der ILE-Sitzung: \u201eDie ILE hat Barrieren reduziert\u201c \u2013 F\u00f6rderbescheid f\u00fcr Projekt Kernwegenetz eingetroffen"},"content":{"rendered":"<p>Anfang M\u00e4rz trafen sich die Vertreter aller 10 ILE Gemeinden des Passauer Oberlandes, vorrangig B\u00fcrgermeister und Gesch\u00e4ftsleiter, der ILE-Projektbetreuer des Amtes f\u00fcr L\u00e4ndliche Entwicklung Sachgebietsleiter Thomas Sch\u00f6ffel und Projektmanagerin Gabriele Bergmann zur ersten gemeinsamen Sitzung.<!--more--><\/p>\n<p>Zun\u00e4chst berichtete Gabriele Bergmann \u00fcber ihre Besuche in den ILE-Gemeinden und die gewonnenen Eindr\u00fccke. Erfreulich sei gewesen, dass ausnahmslos alle Gemeinden zur ILE stehen und sich darin einig sind: \u201eDie ILE hat Barrieren reduziert\u201c. Gemeint ist damit der mittlerweile unkomplizierte Austausch und das Zugehen aufeinander, wenn es um Fragen oder gegenseitige Unterst\u00fctzung geht. Damit ist der wesentliche Gedanke einer ILE (= Integrierte L\u00e4ndliche Entwicklung) getroffen: Die ILE soll die interkommunale Zusammenarbeit f\u00f6rdern und der l\u00e4ndlichen Entwicklung dienen.<\/p>\n<p>In ihrem Bericht zeigte Gabriele Bergmann neben den positiven Ans\u00e4tzen auch den Handlungsbedarf f\u00fcr die Zukunft auf. So m\u00fcssten neben den bisher sehr aktiven Handlungsfeldern Energie und Tourismus auch die \u00fcbrigen Themenfelder wie z.B. Wirtschaft &amp; Bildung oder die Innenentwicklung forciert werden. Es gelte Akteure in der Region zusammenzubringen und Aufkl\u00e4rungsarbeit bez\u00fcglich F\u00f6rderm\u00f6glichkeiten zu betreiben. Ein weiterer Punkt sei es, die \u00d6ffentlichkeit zu informieren, damit der ILE Gedanke und die ILE-Projekte auch bei den B\u00fcrgern ankommen.<\/p>\n<p>Au\u00dfer dem Bericht der Projektmanagerin gab es auch ganz konkrete Projekte, die auf den Weg gebracht werden sollen: So wird sich die ILE Passauer Oberland an dem Projekt \u201eKernwegenetz\u201c, das vom Amt f\u00fcr L\u00e4ndliche Entwicklung gef\u00f6rdert wird, beteiligen. Gesch\u00e4ftsleiter Michael Bauer, Gemeinde F\u00fcrstenstein, berichtete \u00fcber den eingegangenen F\u00f6rderbescheid. Zu diesem Punkt war Ingenieur Alfred Brunner vom IB Wolf (Grafenau) anwesend und informierte \u00fcber das weitere Vorgehen. So wird zun\u00e4chst ein Koordinierungsteam unter Leitung von B\u00fcrgermeister Georg Steinhofer, Gemeinde Neukirchen vorm Wald, gebildet. Es soll u.a. die wichtigsten Grundlagen mit den Gemeinden zusammen erarbeiten. Das Ingenieurb\u00fcro Wolf ist Projektpartner f\u00fcr die Konzepterstellung. Beim Kernwegenetz geht es darum, die wichtigsten land- und forstwirtschaftlichen Stra\u00dfen- und Wegeverbindungen der Gemeinden zu ermitteln. Diese Kernwege wer den dann n\u00e4her hinsichtlich Ausbau, Kosten, Verkehrssicherheit usw. untersucht. Da diese Wege nicht nur dem land- und forstwirtschaftlichen Verkehr dienen, sind zahlreiche Aspekte bei der Konzeptbearbeitung zu ber\u00fccksichtigen.F\u00fcr die Umsetzung des Konzeptes bietet das ALE Niederbayern die bew\u00e4hrten Instrumente wie z. B. Flurneuordnung oder das F\u00f6rderprogramm f\u00fcr Infrastrukturma\u00dfnahmen an.<\/p>\n<p>Weitere Themen der Sitzung waren, die Verl\u00e4ngerung der Zusammenarbeit mit dem Projektpartner CenTouris, einem Institut der Uni Passau, im Bereich Tourismus oder auch die Messebeteiligung beim \u201ePassauer Fr\u00fchling 2016\u201c, f\u00fcr die sich alle Gemeinden grunds\u00e4tzlich ausgesprochen haben, vorbehaltlich der noch zu ermittelnden Kosten.<\/p>","protected":false},"excerpt":{"rendered":"<p>Anfang M\u00e4rz trafen sich die Vertreter aller 10 ILE Gemeinden des Passauer Oberlandes, vorrangig B\u00fcrgermeister und Gesch\u00e4ftsleiter, der ILE-Projektbetreuer des Amtes f\u00fcr L\u00e4ndliche Entwicklung Sachgebietsleiter Thomas Sch\u00f6ffel und Projektmanagerin Gabriele Bergmann zur ersten gemeinsamen Sitzung.<\/p>\n","protected":false},"author":2,"featured_media":0,"comment_status":"closed","ping_status":"open","sticky":false,"template":"","format":"standard","meta":{"footnotes":""},"categories":[1],"tags":[],"class_list":["post-408","post","type-post","status-publish","format-standard","hentry","category-allgemein"],"_links":{"self":[{"href":"https:\/\/passauer-oberland.de\/index.php?rest_route=\/wp\/v2\/posts\/408","targetHints":{"allow":["GET"]}}],"collection":[{"href":"https:\/\/passauer-oberland.de\/index.php?rest_route=\/wp\/v2\/posts"}],"about":[{"href":"https:\/\/passauer-oberland.de\/index.php?rest_route=\/wp\/v2\/types\/post"}],"author":[{"embeddable":true,"href":"https:\/\/passauer-oberland.de\/index.php?rest_route=\/wp\/v2\/users\/2"}],"replies":[{"embeddable":true,"href":"https:\/\/passauer-oberland.de\/index.php?rest_route=%2Fwp%2Fv2%2Fcomments&post=408"}],"version-history":[{"count":5,"href":"https:\/\/passauer-oberland.de\/index.php?rest_route=\/wp\/v2\/posts\/408\/revisions"}],"predecessor-version":[{"id":413,"href":"https:\/\/passauer-oberland.de\/index.php?rest_route=\/wp\/v2\/posts\/408\/revisions\/413"}],"wp:attachment":[{"href":"https:\/\/passauer-oberland.de\/index.php?rest_route=%2Fwp%2Fv2%2Fmedia&parent=408"}],"wp:term":[{"taxonomy":"category","embeddable":true,"href":"https:\/\/passauer-oberland.de\/index.php?rest_route=%2Fwp%2Fv2%2Fcategories&post=408"},{"taxonomy":"post_tag","embeddable":true,"href":"https:\/\/passauer-oberland.de\/index.php?rest_route=%2Fwp%2Fv2%2Ftags&post=408"}],"curies":[{"name":"wp","href":"https:\/\/api.w.org\/{rel}","templated":true}]}}