{"id":447,"date":"2015-08-06T13:03:48","date_gmt":"2015-08-06T11:03:48","guid":{"rendered":"https:\/\/passauer-oberland.de\/?p=447"},"modified":"2015-12-28T15:54:56","modified_gmt":"2015-12-28T13:54:56","slug":"ile-passauer-oberland-stellt-neue-broschuere-vor-teilnahme-beim-familienfest-des-landkreises-in-eging-a-see","status":"publish","type":"post","link":"https:\/\/passauer-oberland.de\/?p=447","title":{"rendered":"ILE Passauer Oberland stellt neue Brosch\u00fcre vor &#8211; Teilnahme beim Familienfest des Landkreises in Eging a.See"},"content":{"rendered":"<div id=\"attachment_448\" style=\"width: 594px\" class=\"wp-caption aligncenter\"><a href=\"https:\/\/passauer-oberland.de\/wp-content\/uploads\/2015\/08\/Brosch\u00fcre_Pr\u00e4s_Familientag.jpg\"><img loading=\"lazy\" decoding=\"async\" aria-describedby=\"caption-attachment-448\" class=\"size-large wp-image-448\" src=\"https:\/\/passauer-oberland.de\/wp-content\/uploads\/2015\/08\/Brosch\u00fcre_Pr\u00e4s_Familientag-1024x749.jpg\" alt=\"Stolz \u00fcbergaben die B\u00fcrgermeister der ILE-Gemeinden an Landrat Franz Meyer und Seek\u00f6nigin Vivien I. die neue Brosch\u00fcre. Mit auf dem Foto auch ILE-Projektmanagerin Gabriele Bergmann (2.v.li) und Constanze M\u00fcller (3.v.li), deren Verlag ComPR aus F\u00fcrstenzell die Brosch\u00fcre erstellt hatte. \" width=\"584\" height=\"427\" \/><\/a><p id=\"caption-attachment-448\" class=\"wp-caption-text\">Stolz \u00fcbergaben die B\u00fcrgermeister der ILE-Gemeinden an Landrat Franz Meyer<br \/>und Seek\u00f6nigin Vivien I. die neue Brosch\u00fcre. Mit auf dem Foto auch ILE-Projektmanagerin<br \/>Gabriele Bergmann (2.v.li) und Constanze M\u00fcller (3.v.li), deren Verlag ComPR aus F\u00fcrstenzell<br \/>die Brosch\u00fcre erstellt hatte.<\/p><\/div>\n<p>Eine Selbstverst\u00e4ndlichkeit war es f\u00fcr die zehn ILE-Gemeinden des Passauer Oberlandes sich auf dem Familienfest des Landkreises Passau in Eging a.See zu pr\u00e4sentieren. Schlie\u00dflich ist der Markt Eging a.See selbst auch ein Mitglied der ILE.<\/p>\n<p>Anl\u00e4sslich des 5-j\u00e4hrigen Bestehens der ILE Passauer Oberland stellten die zehn B\u00fcrgermeister im Rahmen des Familientages erstmals ihre druckfrische Brosch\u00fcre (<a href=\"https:\/\/passauer-oberland.de\/wp-content\/uploads\/2015\/12\/PA-Oberland.pdf\">Brosch\u00fcre zum Download<\/a>) der \u00d6ffentlichkeit vor und \u00fcbergaben Sie auch an Landrat Franz Meyer als er den Stand in Begleitung der Eginger Seek\u00f6nigin, Vivien I., besuchte.<br \/>\nAlle B\u00fcrgerinnen und B\u00fcrger der ILE-Gemeinden, aber auch andere Interessierte, k\u00f6nnen die Brosch\u00fcren ab sofort in den Rath\u00e4usern erhalten. Dort sowie an weiteren \u00f6ffentlichen Stellen in den Kommunen und einigen \u00f6rtlichen Gesch\u00e4ften werden sie ausgelegt.<!--more--><\/p>\n<p>Die 50-seitige Image-Brosch\u00fcre gibt Auskunft \u00fcber die Zusammenarbeit der zehn Gemeinden, ihren gemeinsamen Zielen und Schwerpunkten, auch Handlungsfelder genannt. Sie kl\u00e4rt au\u00dferdem dar\u00fcber auf, was eine ILE ist, weshalb sich Gemeinden zusammenschlie\u00dfen und worin der Nutzen f\u00fcr sie liegt. Au\u00dferdem stellt sie die Mitgliedskommunen in einem kurzen Portr\u00e4t vor und enth\u00e4lt die notwendigen Kontakte zu den Verwaltungen sowie zur ILE-F\u00fchrung und dem Projektmanagement.<\/p>\n<p>Das Ganze in K\u00fcrze bzw. in deutlich \u201eabgespeckter Form\u201c erhalten die B\u00fcrgerinnen und B\u00fcrger demn\u00e4chst auch \u00fcber die Gemeindemitteilungsbl\u00e4tter sozusagen \u201efrei Haus\u201c. Bei dieser zweiten neuen Ver\u00f6ffentlichung handelt es sich um einen <a title=\"Flyer zur ILE Passauer Oberland\" href=\"https:\/\/passauer-oberland.de\/wp-content\/uploads\/2013\/06\/Vorstellung_ILE_PassauerOberland.pdf\" target=\"_blank\">4-seitigen Flyer<\/a>, der im Kurz\u00fcberblick das Wichtigste zur ILE und ihren Aufgaben enth\u00e4lt. Auch dieser wird zus\u00e4tzlich in den Gemeinden und \u00f6ffentlichen Einrichtungen ausgelegt.<\/p>\n<p>Wir hoffen, dass sich m\u00f6glichst viele B\u00fcrgerinnen und B\u00fcrger f\u00fcr diese beiden neuen Publikationen interessieren und bitten Sie, auch gerne nachzufragen, falls Sie sie in den Rath\u00e4usern nicht gleich entdecken! Bei Fragen stehen wir jederzeit gerne zur Verf\u00fcgung.<\/p>","protected":false},"excerpt":{"rendered":"<p>Eine Selbstverst\u00e4ndlichkeit war es f\u00fcr die zehn ILE-Gemeinden des Passauer Oberlandes sich auf dem Familienfest des Landkreises Passau in Eging a.See zu pr\u00e4sentieren. Schlie\u00dflich ist der Markt Eging a.See selbst auch ein Mitglied der ILE. Anl\u00e4sslich des 5-j\u00e4hrigen Bestehens der [&hellip;]<\/p>\n","protected":false},"author":2,"featured_media":0,"comment_status":"closed","ping_status":"open","sticky":false,"template":"","format":"standard","meta":{"footnotes":""},"categories":[1],"tags":[],"class_list":["post-447","post","type-post","status-publish","format-standard","hentry","category-allgemein"],"_links":{"self":[{"href":"https:\/\/passauer-oberland.de\/index.php?rest_route=\/wp\/v2\/posts\/447","targetHints":{"allow":["GET"]}}],"collection":[{"href":"https:\/\/passauer-oberland.de\/index.php?rest_route=\/wp\/v2\/posts"}],"about":[{"href":"https:\/\/passauer-oberland.de\/index.php?rest_route=\/wp\/v2\/types\/post"}],"author":[{"embeddable":true,"href":"https:\/\/passauer-oberland.de\/index.php?rest_route=\/wp\/v2\/users\/2"}],"replies":[{"embeddable":true,"href":"https:\/\/passauer-oberland.de\/index.php?rest_route=%2Fwp%2Fv2%2Fcomments&post=447"}],"version-history":[{"count":3,"href":"https:\/\/passauer-oberland.de\/index.php?rest_route=\/wp\/v2\/posts\/447\/revisions"}],"predecessor-version":[{"id":492,"href":"https:\/\/passauer-oberland.de\/index.php?rest_route=\/wp\/v2\/posts\/447\/revisions\/492"}],"wp:attachment":[{"href":"https:\/\/passauer-oberland.de\/index.php?rest_route=%2Fwp%2Fv2%2Fmedia&parent=447"}],"wp:term":[{"taxonomy":"category","embeddable":true,"href":"https:\/\/passauer-oberland.de\/index.php?rest_route=%2Fwp%2Fv2%2Fcategories&post=447"},{"taxonomy":"post_tag","embeddable":true,"href":"https:\/\/passauer-oberland.de\/index.php?rest_route=%2Fwp%2Fv2%2Ftags&post=447"}],"curies":[{"name":"wp","href":"https:\/\/api.w.org\/{rel}","templated":true}]}}