{"id":497,"date":"2016-01-21T17:12:41","date_gmt":"2016-01-21T15:12:41","guid":{"rendered":"https:\/\/passauer-oberland.de\/?p=497"},"modified":"2016-01-21T17:22:41","modified_gmt":"2016-01-21T15:22:41","slug":"das-passauer-oberland-praesentiert-sich-und-ihre-firmen-wieder-auf-der-drei-laender-messe-vom-5-bis-13-maerz-in-passau","status":"publish","type":"post","link":"https:\/\/passauer-oberland.de\/?p=497","title":{"rendered":"Das Passauer Oberland pr\u00e4sentiert sich und ihre Firmen wieder auf der Drei-L\u00e4nder-Messe vom 5. bis 13. M\u00e4rz in Passau"},"content":{"rendered":"<div id=\"attachment_498\" style=\"width: 310px\" class=\"wp-caption alignright\"><a href=\"https:\/\/passauer-oberland.de\/wp-content\/uploads\/2016\/01\/6b4eea99d1.jpg\"><img loading=\"lazy\" decoding=\"async\" aria-describedby=\"caption-attachment-498\" class=\"size-medium wp-image-498\" src=\"https:\/\/passauer-oberland.de\/wp-content\/uploads\/2016\/01\/6b4eea99d1-300x212.jpg\" alt=\"Die ILE Passauer Oberland auf der Drei-L\u00e4nder-Messe Passau 2016\" width=\"300\" height=\"212\" \/><\/a><p id=\"caption-attachment-498\" class=\"wp-caption-text\">Die ILE Passauer Oberland auf der Drei-L\u00e4nder-Messe Passau 2016<\/p><\/div>\n<p>Wie schon vor zwei Jahren beteiligt sich die ILE Passauer Oberland gemeinsam mit der ILE Ilzer Land und mehr als 20 starken Firmen aus der Region an der Drei-L\u00e4nder-Messe &#8222;Passauer Fr\u00fchling&#8220; vom 5. bis 13. M\u00e4rz 2016.<\/p>\n<p>Unter dem Motto &#8222;Gemeinsam stark&#8220; stellen wir Projekte und Beratungsangebote vor. Zudem pr\u00e4sentiert sich die Tourismusregion \u201eIlztal und Dreiburgenland\u201c auf unserem Gemeinschaftsstand in Halle 4.<\/p>\n<p>Weitere Informationen:<br \/>\n<a href=\"https:\/\/passauer-oberland.de\/wp-content\/uploads\/2016\/01\/DreiLaenderMesse1_infofeb2016.pdf\">Die ILE Passauer Oberland auf der Drei-L\u00e4nder-Messe Passau 2016 &#8211; Information<\/a><\/p>","protected":false},"excerpt":{"rendered":"<p>Wie schon vor zwei Jahren beteiligt sich die ILE Passauer Oberland gemeinsam mit der ILE Ilzer Land und mehr als 20 starken Firmen aus der Region an der Drei-L\u00e4nder-Messe &#8222;Passauer Fr\u00fchling&#8220; vom 5. bis 13. M\u00e4rz 2016. Unter dem Motto [&hellip;]<\/p>\n","protected":false},"author":2,"featured_media":0,"comment_status":"closed","ping_status":"open","sticky":false,"template":"","format":"standard","meta":{"footnotes":""},"categories":[1,21,17],"tags":[],"class_list":["post-497","post","type-post","status-publish","format-standard","hentry","category-allgemein","category-tourismus-und-freizeit","category-wirtschaft"],"_links":{"self":[{"href":"https:\/\/passauer-oberland.de\/index.php?rest_route=\/wp\/v2\/posts\/497","targetHints":{"allow":["GET"]}}],"collection":[{"href":"https:\/\/passauer-oberland.de\/index.php?rest_route=\/wp\/v2\/posts"}],"about":[{"href":"https:\/\/passauer-oberland.de\/index.php?rest_route=\/wp\/v2\/types\/post"}],"author":[{"embeddable":true,"href":"https:\/\/passauer-oberland.de\/index.php?rest_route=\/wp\/v2\/users\/2"}],"replies":[{"embeddable":true,"href":"https:\/\/passauer-oberland.de\/index.php?rest_route=%2Fwp%2Fv2%2Fcomments&post=497"}],"version-history":[{"count":3,"href":"https:\/\/passauer-oberland.de\/index.php?rest_route=\/wp\/v2\/posts\/497\/revisions"}],"predecessor-version":[{"id":502,"href":"https:\/\/passauer-oberland.de\/index.php?rest_route=\/wp\/v2\/posts\/497\/revisions\/502"}],"wp:attachment":[{"href":"https:\/\/passauer-oberland.de\/index.php?rest_route=%2Fwp%2Fv2%2Fmedia&parent=497"}],"wp:term":[{"taxonomy":"category","embeddable":true,"href":"https:\/\/passauer-oberland.de\/index.php?rest_route=%2Fwp%2Fv2%2Fcategories&post=497"},{"taxonomy":"post_tag","embeddable":true,"href":"https:\/\/passauer-oberland.de\/index.php?rest_route=%2Fwp%2Fv2%2Ftags&post=497"}],"curies":[{"name":"wp","href":"https:\/\/api.w.org\/{rel}","templated":true}]}}