{"id":824,"date":"2016-07-25T16:44:27","date_gmt":"2016-07-25T14:44:27","guid":{"rendered":"https:\/\/passauer-oberland.de\/?p=824"},"modified":"2016-07-25T16:49:29","modified_gmt":"2016-07-25T14:49:29","slug":"gemeinde-allianz-passauer-oberland-zieht-positive-bilanz-vorsitzende-gawlik-und-bauer-bleiben-an-der-spitze","status":"publish","type":"post","link":"https:\/\/passauer-oberland.de\/?p=824","title":{"rendered":"Gemeinde-Allianz Passauer Oberland zieht positive Bilanz Vorsitzende Gawlik und Bauer bleiben an der Spitze"},"content":{"rendered":"<div id=\"attachment_826\" style=\"width: 310px\" class=\"wp-caption alignright\"><a href=\"https:\/\/passauer-oberland.de\/wp-content\/uploads\/2016\/07\/ILE.jpg\"><img loading=\"lazy\" decoding=\"async\" aria-describedby=\"caption-attachment-826\" class=\"size-medium wp-image-826\" src=\"https:\/\/passauer-oberland.de\/wp-content\/uploads\/2016\/07\/ILE-300x187.jpg\" alt=\"Foto (Josef Heisl): Die Vertreter der 10 ILE-Gemeinden sprachen sich f\u00fcr eine Fortsetzung unter der bew\u00e4hrten F\u00fchrung durch Bgm. Stephan Gawlik als Vorsitzendem und Gabriele Bergmann als Projektmanagerin aus. \" width=\"300\" height=\"187\" \/><\/a><p id=\"caption-attachment-826\" class=\"wp-caption-text\">Die Vertreter der 10 ILE-Gemeinden sprachen sich f\u00fcr eine Fortsetzung unter der bew\u00e4hrten F\u00fchrung durch Bgm. Stephan Gawlik als Vorsitzendem und Gabriele Bergmann als Projektmanagerin aus. (Foto: Josef Heisl)<\/p><\/div>\n<p>Die letzte Sitzung vor der Sommerpause der ILE Passauer Oberland mit ihren 10 Gemeinden stand unter dem Zeichen der Neuwahl der Vorsitzenden f\u00fcr den Gemeindeverbund und einem ausgiebigen R\u00fcckblick auf die letzten eineinhalb Jahre.<\/p>\n<p>Sowohl Vorsitzender B\u00fcrgermeister Stephan Gawlik, F\u00fcrstenstein, als auch sein Stellvertreter Walter Bauer, Eging a.See, stellten sich wieder zur Wahl. Beide wurden von ihren Kollegen einstimmig in ihrer Funktion best\u00e4tigt. Gastgebender B\u00fcrgermeister Helmut Willmerdinger dankte stellvertretend f\u00fcr alle ILE-Kollegen f\u00fcr das gezeigte Engagement und die Mehrarbeit, die insbesondere in der Gemeinde F\u00fcrstenstein, dem Sitz der ILE, bew\u00e4ltigt werden muss. Er betonte dabei auch: \u201eDer Zusammenschluss zur ILE Passauer Oberland hat schon viel erreicht\u201c. Besonders wichtig seien dabei neben der Bearbeitung von Projekten, die Treffen zum Kennenlernen und zum gegenseitigen Meinungs- und Erfahrungsaustausch. Dem schloss sich der wiedergew\u00e4hlte ILE-Vorsitzende Stephan Gawlik an und freute sich, dass man bereits gut unterwegs sei.<!--more--><\/p>\n<p>Projektmanagerin Gabriele Bergmann zeigte anschlie\u00dfend in einer Pr\u00e4sentation auf, was sich in den letzten eineinhalb Jahren seit ihrer T\u00e4tigkeit f\u00fcr die ILE Passauer Oberland getan hat. Sie beleuchtete dabei alle Handlungsfelder der ILE, die allesamt im letzten Jahr diverse Aktionen umgesetzt hatten. Zuletzt trafen sich beispielsweise rund 50 Unternehmer aus dem ILE-Gebiet zu einem Netzwerktreffen in F\u00fcrstenstein. Im M\u00e4rz war die ILE Passauer Oberland ma\u00dfgeblich mit dem Ilzer Land zusammen auf der DreiL\u00e4nderMesse in Passau beteiligt. Auch die Aktivit\u00e4ten im Bereich Seniorenarbeit, das zum Handlungsfeld Demografie geh\u00f6rt, zeigen Fortschritte, so Bergmann. Hier arbeite man auch eng mit der Fachstelle am Landratsamt zusammen. Und schlie\u00dflich habe man im Sinne einer strategischen Ortsentwicklung eine wichtige Basis mit einer Untersuchung der Gemeinden hinsichtlich Entwicklungsm\u00f6glichkeiten, Daseinsvorsorge und Infrastruktur geschaffen.<\/p>\n<p>Danach stand die Abstimmung zur Fortf\u00fchrung des Projektmanagements ab Januar 2017 \u2013 wieder mit Gabriele Bergmann \u2013 an. Die anwesenden B\u00fcrgermeister sprachen sich auch hier einstimmig f\u00fcr eine weitere Zusammenarbeit aus.<\/p>\n<p>Aus dem Bereich der Verwaltungskooperation berichtete Gesch\u00e4ftsleiter Michael Bauer aus F\u00fcrstenstein. Er verwies auf die regelm\u00e4\u00dfig stattfindenden Treffen der Gesch\u00e4ftsleiter, in denen L\u00f6sungsans\u00e4tze f\u00fcr die t\u00e4gliche Arbeit diskutiert und ausgetauscht, aber auch neue Projekte, wie der gemeinsame Einkauf, verfolgt w\u00fcrden.<\/p>\n<p>F\u00fcr die zweite Jahresh\u00e4lfte 2016 sind noch einige Aktionen geplant, u.a. eine gemeinsame Exkursion nach Ober\u00f6sterreich, um sich dort in drei Kommunen \u00fcber aktuelle Zukunftsprojekte aus den Bereichen Ortsentwicklung, Tourismus, Wirtschaft und Energie zu informieren. Au\u00dferdem ist das n\u00e4chste Unternehmertreffen am 12. Oktober in Aicha vorm Wald mit dem Thema Energie vorgesehen, ebenso eine weitere Zusammenkunft der Senioren- und Behindertenvertreter der ILE-Gemeinden.<\/p>","protected":false},"excerpt":{"rendered":"<p>Die letzte Sitzung vor der Sommerpause der ILE Passauer Oberland mit ihren 10 Gemeinden stand unter dem Zeichen der Neuwahl der Vorsitzenden f\u00fcr den Gemeindeverbund und einem ausgiebigen R\u00fcckblick auf die letzten eineinhalb Jahre. Sowohl Vorsitzender B\u00fcrgermeister Stephan Gawlik, F\u00fcrstenstein, [&hellip;]<\/p>\n","protected":false},"author":2,"featured_media":0,"comment_status":"closed","ping_status":"open","sticky":false,"template":"","format":"standard","meta":{"footnotes":""},"categories":[1],"tags":[],"class_list":["post-824","post","type-post","status-publish","format-standard","hentry","category-allgemein"],"_links":{"self":[{"href":"https:\/\/passauer-oberland.de\/index.php?rest_route=\/wp\/v2\/posts\/824","targetHints":{"allow":["GET"]}}],"collection":[{"href":"https:\/\/passauer-oberland.de\/index.php?rest_route=\/wp\/v2\/posts"}],"about":[{"href":"https:\/\/passauer-oberland.de\/index.php?rest_route=\/wp\/v2\/types\/post"}],"author":[{"embeddable":true,"href":"https:\/\/passauer-oberland.de\/index.php?rest_route=\/wp\/v2\/users\/2"}],"replies":[{"embeddable":true,"href":"https:\/\/passauer-oberland.de\/index.php?rest_route=%2Fwp%2Fv2%2Fcomments&post=824"}],"version-history":[{"count":3,"href":"https:\/\/passauer-oberland.de\/index.php?rest_route=\/wp\/v2\/posts\/824\/revisions"}],"predecessor-version":[{"id":828,"href":"https:\/\/passauer-oberland.de\/index.php?rest_route=\/wp\/v2\/posts\/824\/revisions\/828"}],"wp:attachment":[{"href":"https:\/\/passauer-oberland.de\/index.php?rest_route=%2Fwp%2Fv2%2Fmedia&parent=824"}],"wp:term":[{"taxonomy":"category","embeddable":true,"href":"https:\/\/passauer-oberland.de\/index.php?rest_route=%2Fwp%2Fv2%2Fcategories&post=824"},{"taxonomy":"post_tag","embeddable":true,"href":"https:\/\/passauer-oberland.de\/index.php?rest_route=%2Fwp%2Fv2%2Ftags&post=824"}],"curies":[{"name":"wp","href":"https:\/\/api.w.org\/{rel}","templated":true}]}}