{"id":832,"date":"2016-09-21T15:48:24","date_gmt":"2016-09-21T13:48:24","guid":{"rendered":"https:\/\/passauer-oberland.de\/?p=832"},"modified":"2016-09-21T15:53:57","modified_gmt":"2016-09-21T13:53:57","slug":"einladung-zum-3-treffen-des-wirtschaftsnetzwerks-passauer-oberland-besichtigung-der-firma-soppart-gmbh-co-kg-am-12-oktober-2016","status":"publish","type":"post","link":"https:\/\/passauer-oberland.de\/?p=832","title":{"rendered":"Einladung zum 3. Treffen des Wirtschaftsnetzwerks Passauer Oberland  &#8211; Besichtigung der Firma Soppart GmbH &#038; Co.KG am 12. Oktober 2016"},"content":{"rendered":"<p>Zum zweiten Mal in diesem Jahr laden wir Sie wieder sehr herzlich zu einer Betriebsbesichtigung mit anschlie\u00dfendem Austausch mit den Teilnehmern unseres <strong>Wirtschaftsnetzwerks \u201ePassauer Oberland\u201c<\/strong> ein. Bei unserem diesmaligen Treffen steht das Thema <strong>\u201eEnergie\u201c<\/strong> im Vordergrund.<\/p>\n<p>Wir laden Sie am Mittwoch, den 12. Oktober 2016 ein, gemeinsam das neu erbaute Beratungszentrum f\u00fcr regenerative Energiesysteme der Fa. Soppart in Aicha vorm Wald &#8211; noch vor der offiziellen Er\u00f6ffnung im November &#8211; zu besichtigen.<\/p>\n<p>Firmeninhaber Robert Soppart hat sich in den letzten Jahren mit seinem Betrieb zu einem anerkannten Spezialisten f\u00fcr ganzheitliche Geb\u00e4udetechnik etabliert. \u201eWir sehen unsere Aufgabe darin, unsere Kunden langfristig von Energiekonzernen unabh\u00e4ngig zu machen\u201c, so seine Auffassung.<\/p>\n<p>Au\u00dferdem stellt sich das Handlungsfeld Energie &amp; Umwelt der ILE Passauer Oberland vor. Seit kurzem begleitet das Planungsb\u00fcro Nigl + Mader aus R\u00f6hrnbach die ILE-Gemeinden. Es steht aber \u00fcber den ILE-Vertrag auch Betrieben in allen Fragen zu Energieoptimierung, Energieeffizienz etc. beratend Verf\u00fcgung.<\/p>\n<p>Interessiert? Wenn ja, dann freuen wir uns auf den Abend mit Ihnen. Anmeldungen erwarten wir an unsere Projektmanagerin, Gabriele Bergmann unter <a href=\"mailto:bergmann@systemk3.de\">bergmann@systemk3.de<\/a> <u>oder<\/u> \u00fcber unser nachfolgendes online-Kontaktformular\u00a0<u> bis sp\u00e4testens 7. Oktober<\/u>. DANKE!<\/p>","protected":false},"excerpt":{"rendered":"<p>Zum zweiten Mal in diesem Jahr laden wir Sie wieder sehr herzlich zu einer Betriebsbesichtigung mit anschlie\u00dfendem Austausch mit den Teilnehmern unseres Wirtschaftsnetzwerks \u201ePassauer Oberland\u201c ein. Bei unserem diesmaligen Treffen steht das Thema \u201eEnergie\u201c im Vordergrund. Wir laden Sie am [&hellip;]<\/p>\n","protected":false},"author":2,"featured_media":0,"comment_status":"closed","ping_status":"open","sticky":false,"template":"","format":"standard","meta":{"footnotes":""},"categories":[1],"tags":[],"class_list":["post-832","post","type-post","status-publish","format-standard","hentry","category-allgemein"],"_links":{"self":[{"href":"https:\/\/passauer-oberland.de\/index.php?rest_route=\/wp\/v2\/posts\/832","targetHints":{"allow":["GET"]}}],"collection":[{"href":"https:\/\/passauer-oberland.de\/index.php?rest_route=\/wp\/v2\/posts"}],"about":[{"href":"https:\/\/passauer-oberland.de\/index.php?rest_route=\/wp\/v2\/types\/post"}],"author":[{"embeddable":true,"href":"https:\/\/passauer-oberland.de\/index.php?rest_route=\/wp\/v2\/users\/2"}],"replies":[{"embeddable":true,"href":"https:\/\/passauer-oberland.de\/index.php?rest_route=%2Fwp%2Fv2%2Fcomments&post=832"}],"version-history":[{"count":2,"href":"https:\/\/passauer-oberland.de\/index.php?rest_route=\/wp\/v2\/posts\/832\/revisions"}],"predecessor-version":[{"id":835,"href":"https:\/\/passauer-oberland.de\/index.php?rest_route=\/wp\/v2\/posts\/832\/revisions\/835"}],"wp:attachment":[{"href":"https:\/\/passauer-oberland.de\/index.php?rest_route=%2Fwp%2Fv2%2Fmedia&parent=832"}],"wp:term":[{"taxonomy":"category","embeddable":true,"href":"https:\/\/passauer-oberland.de\/index.php?rest_route=%2Fwp%2Fv2%2Fcategories&post=832"},{"taxonomy":"post_tag","embeddable":true,"href":"https:\/\/passauer-oberland.de\/index.php?rest_route=%2Fwp%2Fv2%2Ftags&post=832"}],"curies":[{"name":"wp","href":"https:\/\/api.w.org\/{rel}","templated":true}]}}