{"id":912,"date":"2017-07-06T16:37:34","date_gmt":"2017-07-06T14:37:34","guid":{"rendered":"https:\/\/passauer-oberland.de\/?p=912"},"modified":"2017-08-16T10:45:49","modified_gmt":"2017-08-16T08:45:49","slug":"ile-passauer-oberland-erweitert-sich-um-den-markt-windorf-ile-versammlung-gibt-gruenes-licht","status":"publish","type":"post","link":"https:\/\/passauer-oberland.de\/?p=912","title":{"rendered":"ILE Passauer Oberland erweitert sich um den Markt Windorf  &#8211; ILE-Versammlung gibt \u201egr\u00fcnes Licht\u201c"},"content":{"rendered":"<div id=\"attachment_913\" style=\"width: 594px\" class=\"wp-caption aligncenter\"><a href=\"https:\/\/passauer-oberland.de\/wp-content\/uploads\/2017\/07\/ILE_Passauer_Oberland_nur-ILE_BeitrittWindorf.jpg\"><img loading=\"lazy\" decoding=\"async\" aria-describedby=\"caption-attachment-913\" class=\"size-large wp-image-913\" src=\"https:\/\/passauer-oberland.de\/wp-content\/uploads\/2017\/07\/ILE_Passauer_Oberland_nur-ILE_BeitrittWindorf-1024x686.jpg\" alt=\"Die ILE &quot;Passauer Oberland&quot; w\u00e4chst an - Beitritt der Marktgemeinde Windorf steht unmittelbar bevor.\" width=\"584\" height=\"391\" \/><\/a><p id=\"caption-attachment-913\" class=\"wp-caption-text\">Das ILE-Gebiet des &#8222;Passauer Oberlandes&#8220; w\u00e4chst an &#8211; Beitritt der Marktgemeinde Windorf steht unmittelbar bevor!<\/p><\/div>\n<p>Eine bedeutsame Weichenstellung f\u00fcr die ILE Passauer Oberland fand bei der j\u00fcngsten Sitzung dieser aus derzeit noch zehn Gemeinden bestehenden Allianz statt. Einstimmig beschloss die ILE-Versammlung den Beitritt des Marktes Windorf als 11. Mitglied in ihren seit 2010 bestehenden Verbund. Die erforderlichen Anpassungen der interkommunalen Vereinbarung mit Wirksamkeit ab dem 1. September wurden ebenso verabschiedet, wie die Durchf\u00fchrung eines Festaktes zeitnah zum Beitritt. Die erforderlichen Beschl\u00fcsse in den ILE-Mitgliedsgemeinden wurden bereits oder werden noch in den Wochen bis zur Sommerpause herbeigef\u00fchrt.<\/p>\n<p>Seit geraumer Zeit liefen die Beitrittsgespr\u00e4che mit der \u201eBraut Windorf\u201c, wie ILE-Vorsitzender und erster B\u00fcrgermeister der Gemeinde F\u00fcrstenstein, Stephan Gawlik, scherzhaft bemerkte. Mit einer Pr\u00e4sentation im Marktgemeinderat von Windorf im November letzten Jahres, bei dem das Amt f\u00fcr L\u00e4ndliche Entwicklung Niederbayern den Sinn und Zweck des Instruments ILE (= Integrierte L\u00e4ndliche Entwicklung) den anwesenden R\u00e4tinnen und R\u00e4ten erl\u00e4uterte und B\u00fcrgermeister Stephan Gawlik als Vorsitzender der ILE Passauer Oberland die Ergebnisse und Synergieeffekte der interkommunalen Zusammenarbeit im Passauer Oberland darstellte, wurden die Weichen konkret gestellt. Damals war auch eine Abordnung aus Hofkirchen anwesend. Der Markt Windorf beschloss schlie\u00dflich zu Beginn des Jahres 2017, anders als sein Nachbarort, seine definitive Beitrittsabsicht.<br \/>\nDie dann folgenden Gespr\u00e4che, auch unter Einbeziehung des Amtes f\u00fcr L\u00e4ndliche Entwicklung Niederbayern, zuletzt im April in Windorf, verliefen sehr positiv, so dass die gew\u00fcnschte ILE-Erweiterung nun flotten Schrittes umgesetzt werden kann. Es laufen unter anderem bereits Abstimmungen zur Einbindung Windorfs in laufende Projekte, z.B. in den Bereichen Energie &amp; Umwelt, Ortsentwicklung und Kernwege, um die Marktgemeinde m\u00f6glichst bald auf den Stand der anderen ILE-Gemeinden zu bringen.<\/p>\n<p>Mit dem Beitritt Windorfs zur Allianz im Passauer Oberland, umfasst die ILE dann schlie\u00dflich ein Gebiet von rund 300 km\u00b2 und etwa 44.000 Einwohnern.<!--more--><\/p>\n<p><span style=\"text-decoration: underline;\"><strong>Vielf\u00e4ltige Aktionen und Projekte im 2. Halbjahr<\/strong><\/span><\/p>\n<p>Nach dem Schwerpunktthema \u201eILE-Beitritt\u201c folgten Berichte aus den einzelnen Handlungsfeldern zu laufenden Aktivit\u00e4ten und geplanten Projekten. Beispielsweise wird im Bereich Energie und Umwelt das Projekt \u201eKlimaschutz an Schulen\u201c mit einer Auftaktveranstaltung im Oktober wieder aufgegriffen. F\u00fcr die Senioren im gesamten ILE-Gebiet soll es einen gemeinsamen Ausflug ins Museumsdorf Tittling im September geben. Im Handlungsfeld Ortsentwicklung wurden im ersten Halbjahr den Gemeindegremien die Berichte zu den Vitalit\u00e4tschecks der Gemeinden vorgestellt und die Gespr\u00e4che mit der Regierung von Niederbayern und dem Amt f\u00fcr L\u00e4ndliche Entwicklung zur Forcierung kommunaler F\u00f6rderprogramme stehen f\u00fcr die zweite Jahresh\u00e4lfte an. Auf interkommunaler Ebene denken die Verwaltungen dar\u00fcber nach, sich einen gemeinsamen IT-Verantwortlichen \u201ezu teilen\u201c. Auch das n\u00e4chste Unternehmertreffen des Wirtschaftsnetzwerks Passauer Oberland, geplant im Herbst, wird bereits abgestimmt und findet aller Voraussicht nach mit der Vorstellung zweier Unternehmen aus Neukirchen vorm Wald und Tittling statt.<\/p>\n<p>Abschlie\u00dfend sprachen sich die B\u00fcrgermeister grunds\u00e4tzlich f\u00fcr eine weitere Beteiligung der ILE Passauer Oberland an der DreiL\u00e4nderMesse im M\u00e4rz 2018 aus. Ein Abstimmgespr\u00e4ch dazu findet in K\u00fcrze mit den Beteiligten der ILE Ilzer Land und dem Organisationsteam statt.<\/p>","protected":false},"excerpt":{"rendered":"<p>Eine bedeutsame Weichenstellung f\u00fcr die ILE Passauer Oberland fand bei der j\u00fcngsten Sitzung dieser aus derzeit noch zehn Gemeinden bestehenden Allianz statt. Einstimmig beschloss die ILE-Versammlung den Beitritt des Marktes Windorf als 11. Mitglied in ihren seit 2010 bestehenden Verbund. [&hellip;]<\/p>\n","protected":false},"author":2,"featured_media":0,"comment_status":"closed","ping_status":"open","sticky":false,"template":"","format":"standard","meta":{"footnotes":""},"categories":[1],"tags":[],"class_list":["post-912","post","type-post","status-publish","format-standard","hentry","category-allgemein"],"_links":{"self":[{"href":"https:\/\/passauer-oberland.de\/index.php?rest_route=\/wp\/v2\/posts\/912","targetHints":{"allow":["GET"]}}],"collection":[{"href":"https:\/\/passauer-oberland.de\/index.php?rest_route=\/wp\/v2\/posts"}],"about":[{"href":"https:\/\/passauer-oberland.de\/index.php?rest_route=\/wp\/v2\/types\/post"}],"author":[{"embeddable":true,"href":"https:\/\/passauer-oberland.de\/index.php?rest_route=\/wp\/v2\/users\/2"}],"replies":[{"embeddable":true,"href":"https:\/\/passauer-oberland.de\/index.php?rest_route=%2Fwp%2Fv2%2Fcomments&post=912"}],"version-history":[{"count":4,"href":"https:\/\/passauer-oberland.de\/index.php?rest_route=\/wp\/v2\/posts\/912\/revisions"}],"predecessor-version":[{"id":917,"href":"https:\/\/passauer-oberland.de\/index.php?rest_route=\/wp\/v2\/posts\/912\/revisions\/917"}],"wp:attachment":[{"href":"https:\/\/passauer-oberland.de\/index.php?rest_route=%2Fwp%2Fv2%2Fmedia&parent=912"}],"wp:term":[{"taxonomy":"category","embeddable":true,"href":"https:\/\/passauer-oberland.de\/index.php?rest_route=%2Fwp%2Fv2%2Fcategories&post=912"},{"taxonomy":"post_tag","embeddable":true,"href":"https:\/\/passauer-oberland.de\/index.php?rest_route=%2Fwp%2Fv2%2Ftags&post=912"}],"curies":[{"name":"wp","href":"https:\/\/api.w.org\/{rel}","templated":true}]}}